{"id":44492,"date":"2024-08-27T08:58:28","date_gmt":"2024-08-27T06:58:28","guid":{"rendered":"https:\/\/elvendrellturisme.dms3labs.cat\/el-vendrell-una-union-de-patrimonio-paisaje-natural-playas-y-ocio\/"},"modified":"2024-08-27T10:02:36","modified_gmt":"2024-08-27T08:02:36","slug":"el-vendrell-una-union-de-patrimonio-paisaje-natural-playas-y-ocio","status":"publish","type":"post","link":"https:\/\/elvendrellturisme.dms3labs.cat\/es\/el-vendrell-una-union-de-patrimonio-paisaje-natural-playas-y-ocio\/","title":{"rendered":"El Vendrell, una uni\u00f3n de patrimonio, paisaje natural, playas y ocio"},"content":{"rendered":"\n<p><strong>Una apuesta por el turismo potenciando su cultura, sus playas y su historia<\/strong>&#13;\n<\/p>\n\n<p><\/p>\n\n<p><strong>El Vendrell<\/strong> es uno de los candidatos de esta edici\u00f3n de los <a href=\"https:\/\/www.millorpoble.cat\/\" data-type=\"link\" data-id=\"https:\/\/www.millorpoble.cat\/\" target=\"_blank\" rel=\"noopener\">Premis Poble de l\u2019Any<\/a> en la categor\u00eda de <strong>Poble Tur\u00edstic de l\u2019Any<\/strong>. Los galardones, convocados por Prensa Ib\u00e9rica y patrocinados por la Generalitat de Catalunya, pretenden premiar a los pueblos catalanes por el trabajo que llevan a cabo durante el a\u00f1o en tres \u00e1mbitos: cultural, sostenible y tur\u00edstico. <\/p>\n\n<p>Es un pueblo rico en patrimonio cultural y con un entorno natural \u00fanico en la comarca del Baix Pened\u00e8s. Destaca, sobre todo, por su oferta de actividades tur\u00edstica. El municipio alberga varios museos de gran relevancia, como el Museo Pau Casals, imprescindible para los amantes de la m\u00fasica y la cultura. Tambi\u00e9n se encuentra el Museo Deu, que ofrece una variada colecci\u00f3n de arte que incluye pintura, escultura y arte decorativo, y el Museo Arqueol\u00f3gico, que expone hallazgos de la prehistoria y la \u00e9poca romana de la regi\u00f3n, brindando una fascinante visi\u00f3n de la historia local. La iglesia de Sant Salvador y la Casa Natal de Pau Casals son edificaciones hist\u00f3ricas que destacan por sus <strong>valores arquitect\u00f3nicos y culturales<\/strong>.<\/p>\n\n<p><strong>Su rico patrimonio cultural y su entorno natural lo convierten en un pueblo \u00fanico.<\/strong><\/p>\n\n<p>Sus playas son otro de sus grandes atractivos. La Playa de Coma-ruga es conocida por su ambiente familiar y sus aguas termales, ideales para la relajaci\u00f3n y el bienestar. Tambi\u00e9n destacan la Playa de Sant Salvador y la Playa del Franc\u00e0s, menos concurrida. El calendario festivo de El Vendrell es muy variado y rico en actividades. El <strong>Festival Internacional de M\u00fasica Pau Casals<\/strong>, que se celebra en verano, es un evento cultural de gran relevancia que re\u00fane talentos musicales de todo el mundo, por ejemplo. Tambi\u00e9n ofrece actividades recreativas al turismo como rutas de senderismo, vi\u00f1edos, opciones de deportes acu\u00e1ticos\u2026 <\/p>\n\n<p>El Vendrell un destino tur\u00edstico accesible y atractivo que combina cultura, historia, playa y naturaleza, posicion\u00e1ndose como un destino tur\u00edstico excepcional. Sus caracter\u00edsticas \u00fanicas y su oferta diversificada lo hacen merecedor candidato del galard\u00f3n.<\/p>\n\n<p>Fuente: <a href=\"https:\/\/www.elperiodico.cat\/ca\/societat\/20240820\/vendrell-unio-patrimoni-paisatge-natural-106104096\" data-type=\"link\" data-id=\"https:\/\/www.elperiodico.cat\/ca\/societat\/20240820\/vendrell-unio-patrimoni-paisatge-natural-106104096\" target=\"_blank\" rel=\"noopener\">www.elperiodico.cat\/vendrell-unio-patrimoni-paisatge-natural<\/a>.<\/p>\n","protected":false},"excerpt":{"rendered":"<p>Una apuesta por el turismo potenciando su cultura, sus playas y su historia&#13; El Vendrell es uno de los candidatos de esta edici\u00f3n de los Premis Poble de l\u2019Any en la categor\u00eda de Poble Tur\u00edstic de l\u2019Any. Los galardones, convocados por Prensa Ib\u00e9rica y patrocinados por la Generalitat de Catalunya, pretenden premiar a los pueblos [&hellip;]<\/p>\n","protected":false},"author":1,"featured_media":43397,"comment_status":"closed","ping_status":"closed","sticky":false,"template":"","format":"standard","meta":{"_acf_changed":false,"_et_pb_use_builder":"","_et_pb_old_content":"","_et_gb_content_width":"","content-type":"","footnotes":""},"categories":[296],"tags":[],"dipi_cpt_category":[],"class_list":["post-44492","post","type-post","status-publish","format-standard","has-post-thumbnail","hentry","category-prensa"],"acf":[],"_links":{"self":[{"href":"https:\/\/elvendrellturisme.dms3labs.cat\/es\/wp-json\/wp\/v2\/posts\/44492","targetHints":{"allow":["GET"]}}],"collection":[{"href":"https:\/\/elvendrellturisme.dms3labs.cat\/es\/wp-json\/wp\/v2\/posts"}],"about":[{"href":"https:\/\/elvendrellturisme.dms3labs.cat\/es\/wp-json\/wp\/v2\/types\/post"}],"author":[{"embeddable":true,"href":"https:\/\/elvendrellturisme.dms3labs.cat\/es\/wp-json\/wp\/v2\/users\/1"}],"replies":[{"embeddable":true,"href":"https:\/\/elvendrellturisme.dms3labs.cat\/es\/wp-json\/wp\/v2\/comments?post=44492"}],"version-history":[{"count":2,"href":"https:\/\/elvendrellturisme.dms3labs.cat\/es\/wp-json\/wp\/v2\/posts\/44492\/revisions"}],"predecessor-version":[{"id":44526,"href":"https:\/\/elvendrellturisme.dms3labs.cat\/es\/wp-json\/wp\/v2\/posts\/44492\/revisions\/44526"}],"wp:featuredmedia":[{"embeddable":true,"href":"https:\/\/elvendrellturisme.dms3labs.cat\/es\/wp-json\/wp\/v2\/media\/43397"}],"wp:attachment":[{"href":"https:\/\/elvendrellturisme.dms3labs.cat\/es\/wp-json\/wp\/v2\/media?parent=44492"}],"wp:term":[{"taxonomy":"category","embeddable":true,"href":"https:\/\/elvendrellturisme.dms3labs.cat\/es\/wp-json\/wp\/v2\/categories?post=44492"},{"taxonomy":"post_tag","embeddable":true,"href":"https:\/\/elvendrellturisme.dms3labs.cat\/es\/wp-json\/wp\/v2\/tags?post=44492"},{"taxonomy":"dipi_cpt_category","embeddable":true,"href":"https:\/\/elvendrellturisme.dms3labs.cat\/es\/wp-json\/wp\/v2\/dipi_cpt_category?post=44492"}],"curies":[{"name":"wp","href":"https:\/\/api.w.org\/{rel}","templated":true}]}}